{"id":32436,"date":"2025-01-16T15:32:26","date_gmt":"2025-01-16T13:32:26","guid":{"rendered":"https:\/\/www.avizieniai.vilniausr.lm.lt\/?p=32436"},"modified":"2025-01-16T15:32:27","modified_gmt":"2025-01-16T13:32:27","slug":"uwaga-23","status":"publish","type":"post","link":"https:\/\/www.avizieniugimnazija.vilniausr.lm.lt\/pl\/2025\/01\/16\/uwaga-23\/","title":{"rendered":"Uwaga!"},"content":{"rendered":"\n<p>19 stycznia, w niedziel\u0119, w sali aktowej Gimnazjum w Awi\u017ceniach ( ul. Suderwska 8 w. Awi\u017cenie) mo\u017cna wzi\u0105\u0107 udzia\u0142 we Mszy \u015awi\u0119tej. Zapraszamy wszystkich ch\u0119tnych! O godz. 10:00 Msza \u015awi\u0119ta w j\u0119zyku polskim, o godz. 12:00 &#8211; w litewskim.<\/p>\n\n\n<div class=\"wp-block-image\">\n<figure class=\"aligncenter size-full\"><img loading=\"lazy\" decoding=\"async\" width=\"1024\" height=\"683\" src=\"http:\/\/www.avizieniai.vilniausr.lm.lt\/wp-content\/uploads\/2024\/11\/Demesio_2024_11_15.jpg\" alt=\"\" class=\"wp-image-30463\" srcset=\"https:\/\/www.avizieniugimnazija.vilniausr.lm.lt\/wp-content\/uploads\/2024\/11\/Demesio_2024_11_15.jpg 1024w, https:\/\/www.avizieniugimnazija.vilniausr.lm.lt\/wp-content\/uploads\/2024\/11\/Demesio_2024_11_15-300x200.jpg 300w, https:\/\/www.avizieniugimnazija.vilniausr.lm.lt\/wp-content\/uploads\/2024\/11\/Demesio_2024_11_15-768x512.jpg 768w\" sizes=\"(max-width: 1024px) 100vw, 1024px\" \/><\/figure><\/div>","protected":false},"excerpt":{"rendered":"<p>19 stycznia, w niedziel\u0119, w sali aktowej Gimnazjum w Awi\u017ceniach ( ul. Suderwska 8 w. Awi\u017cenie) mo\u017cna wzi\u0105\u0107 udzia\u0142 we Mszy \u015awi\u0119tej. Zapraszamy wszystkich ch\u0119tnych! O godz. 10:00 Msza \u015awi\u0119ta [&hellip;]<\/p>\n","protected":false},"author":1,"featured_media":30463,"comment_status":"closed","ping_status":"closed","sticky":false,"template":"","format":"standard","meta":{"footnotes":""},"categories":[128],"tags":[],"_links":{"self":[{"href":"https:\/\/www.avizieniugimnazija.vilniausr.lm.lt\/pl\/wp-json\/wp\/v2\/posts\/32436"}],"collection":[{"href":"https:\/\/www.avizieniugimnazija.vilniausr.lm.lt\/pl\/wp-json\/wp\/v2\/posts"}],"about":[{"href":"https:\/\/www.avizieniugimnazija.vilniausr.lm.lt\/pl\/wp-json\/wp\/v2\/types\/post"}],"author":[{"embeddable":true,"href":"https:\/\/www.avizieniugimnazija.vilniausr.lm.lt\/pl\/wp-json\/wp\/v2\/users\/1"}],"replies":[{"embeddable":true,"href":"https:\/\/www.avizieniugimnazija.vilniausr.lm.lt\/pl\/wp-json\/wp\/v2\/comments?post=32436"}],"version-history":[{"count":2,"href":"https:\/\/www.avizieniugimnazija.vilniausr.lm.lt\/pl\/wp-json\/wp\/v2\/posts\/32436\/revisions"}],"predecessor-version":[{"id":32438,"href":"https:\/\/www.avizieniugimnazija.vilniausr.lm.lt\/pl\/wp-json\/wp\/v2\/posts\/32436\/revisions\/32438"}],"wp:featuredmedia":[{"embeddable":true,"href":"https:\/\/www.avizieniugimnazija.vilniausr.lm.lt\/pl\/wp-json\/wp\/v2\/media\/30463"}],"wp:attachment":[{"href":"https:\/\/www.avizieniugimnazija.vilniausr.lm.lt\/pl\/wp-json\/wp\/v2\/media?parent=32436"}],"wp:term":[{"taxonomy":"category","embeddable":true,"href":"https:\/\/www.avizieniugimnazija.vilniausr.lm.lt\/pl\/wp-json\/wp\/v2\/categories?post=32436"},{"taxonomy":"post_tag","embeddable":true,"href":"https:\/\/www.avizieniugimnazija.vilniausr.lm.lt\/pl\/wp-json\/wp\/v2\/tags?post=32436"}],"curies":[{"name":"wp","href":"https:\/\/api.w.org\/{rel}","templated":true}]}}