{"id":10144,"date":"2021-12-10T20:06:00","date_gmt":"2021-12-10T17:06:00","guid":{"rendered":"http:\/\/www.avizieniai.vilniausr.lm.lt\/?p=10144"},"modified":"2021-12-14T19:09:04","modified_gmt":"2021-12-14T16:09:04","slug":"uwaga","status":"publish","type":"post","link":"https:\/\/www.avizieniugimnazija.vilniausr.lm.lt\/pl\/2021\/12\/10\/uwaga\/","title":{"rendered":"UWAGA!"},"content":{"rendered":"\n<p>W dniu 23 grudnia zapraszamy ca\u0142\u0105 Spo\u0142eczno\u015b\u0107 gimnazjum do ubrania si\u0119 w \u015bwi\u0105teczne sweterki i stworzenia mi\u0142ej atmosfery przed wakacjami.<\/p>\n\n\n\n<p>Samorz\u0105d uczniowski.<\/p>\n","protected":false},"excerpt":{"rendered":"<p>W dniu 23 grudnia zapraszamy ca\u0142\u0105 Spo\u0142eczno\u015b\u0107 gimnazjum do ubrania si\u0119 w \u015bwi\u0105teczne sweterki i stworzenia mi\u0142ej atmosfery przed wakacjami. Samorz\u0105d uczniowski.<\/p>\n","protected":false},"author":1,"featured_media":0,"comment_status":"closed","ping_status":"closed","sticky":false,"template":"","format":"standard","meta":{"footnotes":""},"categories":[128],"tags":[],"_links":{"self":[{"href":"https:\/\/www.avizieniugimnazija.vilniausr.lm.lt\/pl\/wp-json\/wp\/v2\/posts\/10144"}],"collection":[{"href":"https:\/\/www.avizieniugimnazija.vilniausr.lm.lt\/pl\/wp-json\/wp\/v2\/posts"}],"about":[{"href":"https:\/\/www.avizieniugimnazija.vilniausr.lm.lt\/pl\/wp-json\/wp\/v2\/types\/post"}],"author":[{"embeddable":true,"href":"https:\/\/www.avizieniugimnazija.vilniausr.lm.lt\/pl\/wp-json\/wp\/v2\/users\/1"}],"replies":[{"embeddable":true,"href":"https:\/\/www.avizieniugimnazija.vilniausr.lm.lt\/pl\/wp-json\/wp\/v2\/comments?post=10144"}],"version-history":[{"count":2,"href":"https:\/\/www.avizieniugimnazija.vilniausr.lm.lt\/pl\/wp-json\/wp\/v2\/posts\/10144\/revisions"}],"predecessor-version":[{"id":10148,"href":"https:\/\/www.avizieniugimnazija.vilniausr.lm.lt\/pl\/wp-json\/wp\/v2\/posts\/10144\/revisions\/10148"}],"wp:attachment":[{"href":"https:\/\/www.avizieniugimnazija.vilniausr.lm.lt\/pl\/wp-json\/wp\/v2\/media?parent=10144"}],"wp:term":[{"taxonomy":"category","embeddable":true,"href":"https:\/\/www.avizieniugimnazija.vilniausr.lm.lt\/pl\/wp-json\/wp\/v2\/categories?post=10144"},{"taxonomy":"post_tag","embeddable":true,"href":"https:\/\/www.avizieniugimnazija.vilniausr.lm.lt\/pl\/wp-json\/wp\/v2\/tags?post=10144"}],"curies":[{"name":"wp","href":"https:\/\/api.w.org\/{rel}","templated":true}]}}